{"id":6075,"date":"2025-12-30T08:46:36","date_gmt":"2025-12-30T08:46:36","guid":{"rendered":"https:\/\/motoguapa.com\/?p=6075"},"modified":"2025-12-30T08:58:33","modified_gmt":"2025-12-30T08:58:33","slug":"miquel-graells-1943-2025","status":"publish","type":"post","link":"https:\/\/motoguapa.com\/index.php\/2025\/12\/30\/miquel-graells-1943-2025\/","title":{"rendered":"MIQUEL GRAELLS (1943-2025)"},"content":{"rendered":"\n<p>Poco dias antes de Navidad, el fundador de Motoguapa, Miquel Graells i Vila-rodona, fallec\u00eda en su localidad natal de Torroella de Montgr\u00ed &#8211; l&#8217;Estartit despu\u00e9s de una larga enfermedad. Pese a que llevaba ya unos cuantos a\u00f1os apartado de la vida p\u00fablica por motivos de salud, su recuerdo permanece en la mente de muchos aficionados por la intensa actividad que mantuvo en el mundo de la moto cl\u00e1sica y por sus fecundas aportaciones a trav\u00e9s de las redes sociales.<\/p>\n\n\n\n<p>Miquel era un tipo especial, inquieto, entusiasta, tenaz, cuya vida siempre gir\u00f3 en torno a la imagen y el dibujo. Nunca tuvo vocaci\u00f3n de estudiar ni de hacer carrera en la administraci\u00f3n (su padre era secretario del ayuntamiento) Tras cursar Peritaje Industrial en Vilanova i la Geltr\u00fa, se especializ\u00f3 en ilustraci\u00f3n tanto t\u00e9cnica, como publicitaria.<\/p>\n\n\n\n<p>Con su primer sueldo se compr\u00f3 una Ossita 50 azul que le permiti\u00f3 iniciarse en las dos ruedas. Fue la primera de las numerosas motos que tuvo -entre ellas unas cuantas Ossa- a lo largo de su vida. La mec\u00e1nica tampoco ten\u00eda secretos para \u00e9l. En la base de San Fernando de C\u00e1diz, donde le toc\u00f3 hacer el servicio militar, estuvo al servicio de un capit\u00e1n encargado de ocuparse del mantenimiento de su Ossa 175 Sport.<\/p>\n\n\n\n<p>Tras largos a\u00f1os trabajando como delineante industrial decidi\u00f3 hacer un cambio radical: dej\u00f3 el empleo, plant\u00f3 su caballete en el paseo mar\u00edtimo de L&#8217;Estartit y durante los meses de verano se dedic\u00f3 a hacer retratos al natural de la gente que se acercaba. La vena artistica de Miquel era potente y fecunda: del retrato pas\u00f3 a la caricatura, era m\u00e1s r\u00e1pida, m\u00e1s f\u00e1cil y resultona, y se convirti\u00f3 en un consumado especialista. El boom del turismo y sus grandes dotes para el dibujo le permitieron ganarse la vida as\u00ed durante los siguientes treinta a\u00f1os.<\/p>\n\n\n\n<p>La historia de como Miquel puso en marcha Motoguapa en 2003 est\u00e1 explicada con todo detalle en esta web; tambi\u00e9n que despu\u00e9s de casi dos d\u00e9cadas al frente de la misma decidi\u00f3 nombrarme su sucesor en 2022 para poder jubilarse del todo y dedicar la mayor parte de su tiempo a investigar temas relacionados con la historia y la gente de Torroella de Montgr\u00ed &#8211; l&#8217;Estartit. Tres a\u00f1os m\u00e1s tarde, y con la p\u00e1gina ya completamente renovada, Eduardo G\u00f3mez de Salazar tomaba el relevo como administrador de Motoguapa.<\/p>\n\n\n\n<p>La desaparici\u00f3n de Miquel Graells es una dolorosa p\u00e9rdida para nosotros que se viene a sumar a la de otra figura clave, Tomeu Pascual, hace apenas seis meses. Pero el recuerdo de ambos perdurar\u00e1 en el futuro a trav\u00e9s de esta p\u00e1gina web, un punto de referencia ineludible en lo que se refiere a la historia de la moto espa\u00f1ola. Nunca los olvidaremos.<\/p>\n\n\n\n<p><strong>Manuel Garriga<\/strong><\/p>\n\n\n<style>.wp-block-kadence-advancedgallery .kb-gallery-type-masonry.kb-gallery-id-6075_fcb081-64{margin:-5px;}.kb-gallery-type-masonry.kb-gallery-id-6075_fcb081-64 .kadence-blocks-gallery-item{padding:5px;}.kb-gallery-id-6075_fcb081-64 .kadence-blocks-gallery-item .kb-gal-image-radius, .kb-gallery-id-6075_fcb081-64 .kb-slide-item .kb-gal-image-radius img{border-radius:0px 0px 0px 0px;;}<\/style><div class=\"kb-gallery-wrap-id-6075_fcb081-64 alignnone wp-block-kadence-advancedgallery\"><ul class=\"kb-gallery-ul kb-gallery-non-static kb-gallery-type-masonry kb-masonry-init kb-gallery-id-6075_fcb081-64 kb-gallery-caption-style-bottom-hover kb-gallery-filter-none kb-gallery-magnific-init\" data-image-filter=\"none\" data-item-selector=\".kadence-blocks-gallery-item\" data-lightbox-caption=\"true\" data-columns-xxl=\"3\" data-columns-xl=\"3\" data-columns-md=\"3\" data-columns-sm=\"2\" data-columns-xs=\"1\" data-columns-ss=\"1\"><li class=\"kadence-blocks-gallery-item\"><div class=\"kadence-blocks-gallery-item-inner\"><figure class=\"kb-gallery-figure kb-gallery-item-has-link kadence-blocks-gallery-item-hide-caption\"><a href=\"https:\/\/motoguapa.com\/wp-content\/uploads\/2025\/12\/Miquel.webp\" class=\"kb-gallery-item-link\"   role=\"button\" aria-haspopup=\"dialog\"><div class=\"kb-gal-image-radius\" style=\"max-width:1024px;\"><div class=\"kb-gallery-image-contain kadence-blocks-gallery-intrinsic\" style=\"padding-bottom:66%;\"><img fetchpriority=\"high\" decoding=\"async\" src=\"https:\/\/motoguapa.com\/wp-content\/uploads\/2025\/12\/Miquel-1024x684.webp\" width=\"1024\" height=\"684\" alt=\"\" data-full-image=\"https:\/\/motoguapa.com\/wp-content\/uploads\/2025\/12\/Miquel.webp\" data-light-image=\"https:\/\/motoguapa.com\/wp-content\/uploads\/2025\/12\/Miquel.webp\" data-id=\"6081\" class=\"wp-image-6081\" srcset=\"\/wp-content\/uploads\/2025\/12\/Miquel-1024x684.webp 1024w, \/wp-content\/uploads\/2025\/12\/Miquel-300x200.webp 300w, \/wp-content\/uploads\/2025\/12\/Miquel-768x513.webp 768w, \/wp-content\/uploads\/2025\/12\/Miquel.webp 1142w\" sizes=\"(max-width: 1024px) 100vw, 1024px\" \/><\/div><\/div><\/a><\/figure><\/div><\/li><li class=\"kadence-blocks-gallery-item\"><div class=\"kadence-blocks-gallery-item-inner\"><figure class=\"kb-gallery-figure kb-gallery-item-has-link kadence-blocks-gallery-item-hide-caption\"><a href=\"https:\/\/motoguapa.com\/wp-content\/uploads\/2022\/04\/273272065_340660591285676_7308148832743025986_n.jpg\" class=\"kb-gallery-item-link\"   role=\"button\" aria-haspopup=\"dialog\"><div class=\"kb-gal-image-radius\" style=\"max-width:1024px;\"><div class=\"kb-gallery-image-contain kadence-blocks-gallery-intrinsic\" style=\"padding-bottom:71%;\"><img decoding=\"async\" src=\"https:\/\/motoguapa.com\/wp-content\/uploads\/2022\/04\/273272065_340660591285676_7308148832743025986_n-1024x736.jpg\" width=\"1024\" height=\"736\" alt=\"\" data-full-image=\"https:\/\/motoguapa.com\/wp-content\/uploads\/2022\/04\/273272065_340660591285676_7308148832743025986_n.jpg\" data-light-image=\"https:\/\/motoguapa.com\/wp-content\/uploads\/2022\/04\/273272065_340660591285676_7308148832743025986_n.jpg\" data-id=\"1290\" class=\"wp-image-1290\" srcset=\"\/wp-content\/uploads\/2022\/04\/273272065_340660591285676_7308148832743025986_n-1024x736.jpg 1024w, \/wp-content\/uploads\/2022\/04\/273272065_340660591285676_7308148832743025986_n-600x431.jpg 600w, \/wp-content\/uploads\/2022\/04\/273272065_340660591285676_7308148832743025986_n-300x216.jpg 300w, \/wp-content\/uploads\/2022\/04\/273272065_340660591285676_7308148832743025986_n-768x552.jpg 768w, \/wp-content\/uploads\/2022\/04\/273272065_340660591285676_7308148832743025986_n.jpg 1200w\" sizes=\"(max-width: 1024px) 100vw, 1024px\" \/><\/div><\/div><\/a><\/figure><\/div><\/li><li class=\"kadence-blocks-gallery-item\"><div class=\"kadence-blocks-gallery-item-inner\"><figure class=\"kb-gallery-figure kb-gallery-item-has-link kadence-blocks-gallery-item-hide-caption\"><a href=\"https:\/\/motoguapa.com\/wp-content\/uploads\/2025\/12\/Miquel-Graells-amb-Ossa-Enduro.webp\" class=\"kb-gallery-item-link\"   role=\"button\" aria-haspopup=\"dialog\"><div class=\"kb-gal-image-radius\" style=\"max-width:531px;\"><div class=\"kb-gallery-image-contain kadence-blocks-gallery-intrinsic\" style=\"padding-bottom:192%;\"><img decoding=\"async\" src=\"https:\/\/motoguapa.com\/wp-content\/uploads\/2025\/12\/Miquel-Graells-amb-Ossa-Enduro-531x1024.webp\" width=\"531\" height=\"1024\" alt=\"\" data-full-image=\"https:\/\/motoguapa.com\/wp-content\/uploads\/2025\/12\/Miquel-Graells-amb-Ossa-Enduro.webp\" data-light-image=\"https:\/\/motoguapa.com\/wp-content\/uploads\/2025\/12\/Miquel-Graells-amb-Ossa-Enduro.webp\" data-id=\"6079\" class=\"wp-image-6079\" srcset=\"\/wp-content\/uploads\/2025\/12\/Miquel-Graells-amb-Ossa-Enduro-531x1024.webp 531w, \/wp-content\/uploads\/2025\/12\/Miquel-Graells-amb-Ossa-Enduro-156x300.webp 156w, \/wp-content\/uploads\/2025\/12\/Miquel-Graells-amb-Ossa-Enduro.webp 674w\" sizes=\"(max-width: 531px) 100vw, 531px\" \/><\/div><\/div><\/a><\/figure><\/div><\/li><li class=\"kadence-blocks-gallery-item\"><div class=\"kadence-blocks-gallery-item-inner\"><figure class=\"kb-gallery-figure kb-gallery-item-has-link kadence-blocks-gallery-item-hide-caption\"><a href=\"https:\/\/motoguapa.com\/wp-content\/uploads\/2025\/12\/Miquel-Graells-amb-Ossa-250-GP.webp\" class=\"kb-gallery-item-link\"   role=\"button\" aria-haspopup=\"dialog\"><div class=\"kb-gal-image-radius\" style=\"max-width:1024px;\"><div class=\"kb-gallery-image-contain kadence-blocks-gallery-intrinsic\" style=\"padding-bottom:76%;\"><img loading=\"lazy\" decoding=\"async\" src=\"https:\/\/motoguapa.com\/wp-content\/uploads\/2025\/12\/Miquel-Graells-amb-Ossa-250-GP-1024x781.webp\" width=\"1024\" height=\"781\" alt=\"\" data-full-image=\"https:\/\/motoguapa.com\/wp-content\/uploads\/2025\/12\/Miquel-Graells-amb-Ossa-250-GP.webp\" data-light-image=\"https:\/\/motoguapa.com\/wp-content\/uploads\/2025\/12\/Miquel-Graells-amb-Ossa-250-GP.webp\" data-id=\"6080\" class=\"wp-image-6080\" srcset=\"\/wp-content\/uploads\/2025\/12\/Miquel-Graells-amb-Ossa-250-GP-1024x781.webp 1024w, \/wp-content\/uploads\/2025\/12\/Miquel-Graells-amb-Ossa-250-GP-300x229.webp 300w, \/wp-content\/uploads\/2025\/12\/Miquel-Graells-amb-Ossa-250-GP-768x586.webp 768w, \/wp-content\/uploads\/2025\/12\/Miquel-Graells-amb-Ossa-250-GP.webp 1200w\" sizes=\"(max-width: 1024px) 100vw, 1024px\" \/><\/div><\/div><\/a><\/figure><\/div><\/li><li class=\"kadence-blocks-gallery-item\"><div class=\"kadence-blocks-gallery-item-inner\"><figure class=\"kb-gallery-figure kb-gallery-item-has-link kadence-blocks-gallery-item-hide-caption\"><a href=\"https:\/\/motoguapa.com\/wp-content\/uploads\/2025\/12\/Miquel-Graells-1986.webp\" class=\"kb-gallery-item-link\"   role=\"button\" aria-haspopup=\"dialog\"><div class=\"kb-gal-image-radius\" style=\"max-width:1024px;\"><div class=\"kb-gallery-image-contain kadence-blocks-gallery-intrinsic\" style=\"padding-bottom:68%;\"><img loading=\"lazy\" decoding=\"async\" src=\"https:\/\/motoguapa.com\/wp-content\/uploads\/2025\/12\/Miquel-Graells-1986-1024x699.webp\" width=\"1024\" height=\"699\" alt=\"\" data-full-image=\"https:\/\/motoguapa.com\/wp-content\/uploads\/2025\/12\/Miquel-Graells-1986.webp\" data-light-image=\"https:\/\/motoguapa.com\/wp-content\/uploads\/2025\/12\/Miquel-Graells-1986.webp\" data-id=\"6078\" class=\"wp-image-6078\" srcset=\"\/wp-content\/uploads\/2025\/12\/Miquel-Graells-1986-1024x699.webp 1024w, \/wp-content\/uploads\/2025\/12\/Miquel-Graells-1986-300x205.webp 300w, \/wp-content\/uploads\/2025\/12\/Miquel-Graells-1986-768x524.webp 768w, \/wp-content\/uploads\/2025\/12\/Miquel-Graells-1986.webp 1200w\" sizes=\"(max-width: 1024px) 100vw, 1024px\" \/><\/div><\/div><\/a><\/figure><\/div><\/li><li class=\"kadence-blocks-gallery-item\"><div class=\"kadence-blocks-gallery-item-inner\"><figure class=\"kb-gallery-figure kb-gallery-item-has-link kadence-blocks-gallery-item-hide-caption\"><a href=\"https:\/\/motoguapa.com\/wp-content\/uploads\/2025\/12\/Miquel-Graells-auto-caricatura.webp\" class=\"kb-gallery-item-link\"   role=\"button\" aria-haspopup=\"dialog\"><div class=\"kb-gal-image-radius\" style=\"max-width:1024px;\"><div class=\"kb-gallery-image-contain kadence-blocks-gallery-intrinsic\" style=\"padding-bottom:79%;\"><img loading=\"lazy\" decoding=\"async\" src=\"https:\/\/motoguapa.com\/wp-content\/uploads\/2025\/12\/Miquel-Graells-auto-caricatura-1024x816.webp\" width=\"1024\" height=\"816\" alt=\"\" data-full-image=\"https:\/\/motoguapa.com\/wp-content\/uploads\/2025\/12\/Miquel-Graells-auto-caricatura.webp\" data-light-image=\"https:\/\/motoguapa.com\/wp-content\/uploads\/2025\/12\/Miquel-Graells-auto-caricatura.webp\" data-id=\"6077\" class=\"wp-image-6077\" srcset=\"\/wp-content\/uploads\/2025\/12\/Miquel-Graells-auto-caricatura-1024x816.webp 1024w, \/wp-content\/uploads\/2025\/12\/Miquel-Graells-auto-caricatura-300x239.webp 300w, \/wp-content\/uploads\/2025\/12\/Miquel-Graells-auto-caricatura-768x612.webp 768w, \/wp-content\/uploads\/2025\/12\/Miquel-Graells-auto-caricatura.webp 1200w\" sizes=\"(max-width: 1024px) 100vw, 1024px\" \/><\/div><\/div><\/a><\/figure><\/div><\/li><li class=\"kadence-blocks-gallery-item\"><div class=\"kadence-blocks-gallery-item-inner\"><figure class=\"kb-gallery-figure kb-gallery-item-has-link kadence-blocks-gallery-item-hide-caption\"><a href=\"https:\/\/motoguapa.com\/wp-content\/uploads\/2025\/12\/Miquel-Graells-2021_b.webp\" class=\"kb-gallery-item-link\"   role=\"button\" aria-haspopup=\"dialog\"><div class=\"kb-gal-image-radius\" style=\"max-width:1024px;\"><div class=\"kb-gallery-image-contain kadence-blocks-gallery-intrinsic\" style=\"padding-bottom:75%;\"><img loading=\"lazy\" decoding=\"async\" src=\"https:\/\/motoguapa.com\/wp-content\/uploads\/2025\/12\/Miquel-Graells-2021_b-1024x768.webp\" width=\"1024\" height=\"768\" alt=\"\" data-full-image=\"https:\/\/motoguapa.com\/wp-content\/uploads\/2025\/12\/Miquel-Graells-2021_b.webp\" data-light-image=\"https:\/\/motoguapa.com\/wp-content\/uploads\/2025\/12\/Miquel-Graells-2021_b.webp\" data-id=\"6076\" class=\"wp-image-6076\" srcset=\"\/wp-content\/uploads\/2025\/12\/Miquel-Graells-2021_b-1024x768.webp 1024w, \/wp-content\/uploads\/2025\/12\/Miquel-Graells-2021_b-300x225.webp 300w, \/wp-content\/uploads\/2025\/12\/Miquel-Graells-2021_b-768x576.webp 768w, \/wp-content\/uploads\/2025\/12\/Miquel-Graells-2021_b.webp 1200w\" sizes=\"(max-width: 1024px) 100vw, 1024px\" \/><\/div><\/div><\/a><\/figure><\/div><\/li><\/ul><\/div>\n\n\n<p><\/p>\n","protected":false},"excerpt":{"rendered":"<p>Poco dias antes de Navidad, el fundador de Motoguapa, Miquel Graells i Vila-rodona, fallec\u00eda en su localidad natal de Torroella de Montgr\u00ed &#8211; l&#8217;Estartit despu\u00e9s de una larga enfermedad. Pese a que llevaba ya unos cuantos a\u00f1os apartado de la vida p\u00fablica por motivos de salud, su recuerdo permanece en la mente de muchos aficionados&#8230;<\/p>\n","protected":false},"author":1,"featured_media":6080,"comment_status":"closed","ping_status":"open","sticky":false,"template":"","format":"standard","meta":{"_coblocks_attr":"","_coblocks_dimensions":"","_coblocks_responsive_height":"","_coblocks_accordion_ie_support":"","_monsterinsights_skip_tracking":false,"_monsterinsights_sitenote_active":false,"_monsterinsights_sitenote_note":"","_monsterinsights_sitenote_category":0,"_kad_post_transparent":"","_kad_post_title":"","_kad_post_layout":"","_kad_post_sidebar_id":"","_kad_post_content_style":"","_kad_post_vertical_padding":"","_kad_post_feature":"","_kad_post_feature_position":"","_kad_post_header":false,"_kad_post_footer":false,"_kad_post_classname":"","footnotes":""},"categories":[222],"tags":[],"class_list":["post-6075","post","type-post","status-publish","format-standard","has-post-thumbnail","hentry","category-noticias"],"_links":{"self":[{"href":"https:\/\/motoguapa.com\/index.php\/wp-json\/wp\/v2\/posts\/6075","targetHints":{"allow":["GET"]}}],"collection":[{"href":"https:\/\/motoguapa.com\/index.php\/wp-json\/wp\/v2\/posts"}],"about":[{"href":"https:\/\/motoguapa.com\/index.php\/wp-json\/wp\/v2\/types\/post"}],"author":[{"embeddable":true,"href":"https:\/\/motoguapa.com\/index.php\/wp-json\/wp\/v2\/users\/1"}],"replies":[{"embeddable":true,"href":"https:\/\/motoguapa.com\/index.php\/wp-json\/wp\/v2\/comments?post=6075"}],"version-history":[{"count":2,"href":"https:\/\/motoguapa.com\/index.php\/wp-json\/wp\/v2\/posts\/6075\/revisions"}],"predecessor-version":[{"id":6097,"href":"https:\/\/motoguapa.com\/index.php\/wp-json\/wp\/v2\/posts\/6075\/revisions\/6097"}],"wp:featuredmedia":[{"embeddable":true,"href":"https:\/\/motoguapa.com\/index.php\/wp-json\/wp\/v2\/media\/6080"}],"wp:attachment":[{"href":"https:\/\/motoguapa.com\/index.php\/wp-json\/wp\/v2\/media?parent=6075"}],"wp:term":[{"taxonomy":"category","embeddable":true,"href":"https:\/\/motoguapa.com\/index.php\/wp-json\/wp\/v2\/categories?post=6075"},{"taxonomy":"post_tag","embeddable":true,"href":"https:\/\/motoguapa.com\/index.php\/wp-json\/wp\/v2\/tags?post=6075"}],"curies":[{"name":"wp","href":"https:\/\/api.w.org\/{rel}","templated":true}]}}